{"id":28543,"date":"2026-03-09T11:52:27","date_gmt":"2026-03-09T10:52:27","guid":{"rendered":"https:\/\/acpri.cat\/acpri-present-a-la-v-trobada-professional-al-sud-de-lacrp-un-espai-daprenentatge-i-bones-practiques-en-protocol\/"},"modified":"2026-03-09T12:06:25","modified_gmt":"2026-03-09T11:06:25","slug":"acpri-present-a-la-v-trobada-professional-al-sud-de-lacrp-un-espai-daprenentatge-i-bones-practiques-en-protocol","status":"publish","type":"post","link":"https:\/\/acpri.cat\/es\/acpri-present-a-la-v-trobada-professional-al-sud-de-lacrp-un-espai-daprenentatge-i-bones-practiques-en-protocol\/","title":{"rendered":"ACPRI\u00a0presente en el V Encuentro Profesional en el Sur de ACRP, un espacio de aprendizaje y buenas pr\u00e1cticas en protocolo"},"content":{"rendered":"\n<p>Un grupo de socios y socias de la <strong>Asociaci\u00f3n Catalana de Protocolo y Relaciones Institucionales (ACPRI)<\/strong> ha participado en el V Encuentro Profesional al Sur, celebrado los d\u00edas 5 y 6 de marzo en <strong>C\u00f3rdoba<\/strong>. Este encuentro, organizado por la <strong>Asociaci\u00f3n de Comunicaci\u00f3n, Relaciones P\u00fablicas y Protocolo de C\u00f3rdoba<\/strong>, llega a su quinta edici\u00f3n consolid\u00e1ndose como uno de los espacios de referencia para el sector.<\/p>\n\n\n\n<p>La delegaci\u00f3n de ACPRI tuvo la oportunidad de conocer de primera mano experiencias, metodolog\u00edas y tendencias compartidas por especialistas, en un programa que combina contenidos profesionales con actividades culturales y de networking.<\/p>\n\n\n\n<p><strong>Resumen Ejecutivo<\/strong>:<\/p>\n\n\n\n<div data-wp-interactive=\"core\/file\" class=\"wp-block-file\"><object data-wp-bind--hidden=\"!state.hasPdfPreview\" hidden class=\"wp-block-file__embed\" data=\"https:\/\/acpri.cat\/wp-content\/uploads\/2026\/03\/resumen-ejecutivo-1.pdf\" type=\"application\/pdf\" style=\"width:100%;height:600px\" aria-label=\"Incrustado de Resumen Ejecutivo.\"><\/object><a id=\"wp-block-file--media-6ff4b946-0bd6-474e-b404-ffbe6ccf645e\" href=\"https:\/\/acpri.cat\/wp-content\/uploads\/2026\/03\/resumen-ejecutivo-1.pdf\">Resumen Ejecutivo<\/a><a href=\"https:\/\/acpri.cat\/wp-content\/uploads\/2026\/03\/resumen-ejecutivo-1.pdf\" class=\"wp-block-file__button wp-element-button\" download aria-describedby=\"wp-block-file--media-6ff4b946-0bd6-474e-b404-ffbe6ccf645e\">Baixa<\/a><\/div>\n","protected":false},"excerpt":{"rendered":"<p>Un grupo de socios y socias de la Asociaci\u00f3n Catalana de Protocolo y Relaciones Institucionales (ACPRI) ha participado en el V Encuentro Profesional al Sur, celebrado los d\u00edas 5 y [&hellip;]<\/p>\n","protected":false},"author":699,"featured_media":28576,"comment_status":"closed","ping_status":"closed","sticky":false,"template":"","format":"standard","meta":{"_acf_changed":false,"_bbp_topic_count":0,"_bbp_reply_count":0,"_bbp_total_topic_count":0,"_bbp_total_reply_count":0,"_bbp_voice_count":0,"_bbp_anonymous_reply_count":0,"_bbp_topic_count_hidden":0,"_bbp_reply_count_hidden":0,"_bbp_forum_subforum_count":0,"_coblocks_attr":"","_coblocks_dimensions":"","_coblocks_responsive_height":"","_coblocks_accordion_ie_support":"","_EventAllDay":false,"_EventTimezone":"","_EventStartDate":"","_EventEndDate":"","_EventStartDateUTC":"","_EventEndDateUTC":"","_EventShowMap":false,"_EventShowMapLink":false,"_EventURL":"","_EventCost":"","_EventCostDescription":"","_EventCurrencySymbol":"","_EventCurrencyCode":"","_EventCurrencyPosition":"","_EventDateTimeSeparator":"","_EventTimeRangeSeparator":"","_EventOrganizerID":[],"_EventVenueID":[],"_OrganizerEmail":"","_OrganizerPhone":"","_OrganizerWebsite":"","_VenueAddress":"","_VenueCity":"","_VenueCountry":"","_VenueProvince":"","_VenueState":"","_VenueZip":"","_VenuePhone":"","_VenueURL":"","_VenueStateProvince":"","_VenueLat":"","_VenueLng":"","_VenueShowMap":false,"_VenueShowMapLink":false,"footnotes":""},"categories":[166],"tags":[],"class_list":["post-28543","post","type-post","status-publish","format-standard","has-post-thumbnail","hentry","category-noticies-es"],"acf":[],"featured_image_urls_v2":{"full":["https:\/\/acpri.cat\/wp-content\/uploads\/2026\/03\/whatsapp-image-2026-03-05-at-152807.jpeg",1024,768,false],"thumbnail":["https:\/\/acpri.cat\/wp-content\/uploads\/2026\/03\/whatsapp-image-2026-03-05-at-152807-150x150.jpeg",150,150,true],"medium":["https:\/\/acpri.cat\/wp-content\/uploads\/2026\/03\/whatsapp-image-2026-03-05-at-152807-300x225.jpeg",300,225,true],"medium_large":["https:\/\/acpri.cat\/wp-content\/uploads\/2026\/03\/whatsapp-image-2026-03-05-at-152807-768x576.jpeg",768,576,true],"large":["https:\/\/acpri.cat\/wp-content\/uploads\/2026\/03\/whatsapp-image-2026-03-05-at-152807.jpeg",1024,768,false],"1536x1536":["https:\/\/acpri.cat\/wp-content\/uploads\/2026\/03\/whatsapp-image-2026-03-05-at-152807.jpeg",1024,768,false],"2048x2048":["https:\/\/acpri.cat\/wp-content\/uploads\/2026\/03\/whatsapp-image-2026-03-05-at-152807.jpeg",1024,768,false]},"post_excerpt_stackable_v2":"<p>Un grupo de socios y socias de la Asociaci\u00f3n Catalana de Protocolo y Relaciones Institucionales (ACPRI) ha participado en el V Encuentro Profesional al Sur, celebrado los d\u00edas 5 y 6 de marzo en C\u00f3rdoba. Este encuentro, organizado por la Asociaci\u00f3n de Comunicaci\u00f3n, Relaciones P\u00fablicas y Protocolo de C\u00f3rdoba, llega a su quinta edici\u00f3n consolid\u00e1ndose como uno de los espacios de referencia para el sector. La delegaci\u00f3n de ACPRI tuvo la oportunidad de conocer de primera mano experiencias, metodolog\u00edas y tendencias compartidas por especialistas, en un programa que combina contenidos profesionales con actividades culturales y de networking. Resumen Ejecutivo: Resumen&hellip;<\/p>\n","category_list_v2":"<a href=\"https:\/\/acpri.cat\/es\/categoria\/noticies-es\/\" rel=\"category tag\">Not\u00edcies<\/a>","author_info_v2":{"name":"Ruth Fern\u00e1ndez","url":"https:\/\/acpri.cat\/es\/author\/ruth-fernandez\/"},"comments_num_v2":"0 comentarios","yoast_head":"<!-- This site is optimized with the Yoast SEO plugin v27.4 - https:\/\/yoast.com\/product\/yoast-seo-wordpress\/ -->\n<title>ACPRI\u00a0presente en el V Encuentro Profesional en el Sur de ACRP, un espacio de aprendizaje y buenas pr\u00e1cticas en protocolo %%\u00daltimas novedades - ACPRI sep%% ACPRI<\/title>\n<meta name=\"robots\" content=\"index, follow, max-snippet:-1, max-image-preview:large, max-video-preview:-1\" \/>\n<link rel=\"canonical\" href=\"https:\/\/acpri.cat\/es\/acpri-present-a-la-v-trobada-professional-al-sud-de-lacrp-un-espai-daprenentatge-i-bones-practiques-en-protocol\/\" \/>\n<meta property=\"og:locale\" content=\"es_ES\" \/>\n<meta property=\"og:type\" content=\"article\" \/>\n<meta property=\"og:title\" content=\"ACPRI\u00a0presente en el V Encuentro Profesional en el Sur de ACRP, un espacio de aprendizaje y buenas pr\u00e1cticas en protocolo %%\u00daltimas novedades - ACPRI sep%% ACPRI\" \/>\n<meta property=\"og:description\" content=\"Un grupo de socios y socias de la Asociaci\u00f3n Catalana de Protocolo y Relaciones Institucionales (ACPRI) ha participado en el V Encuentro Profesional al Sur, celebrado los d\u00edas 5 y [&hellip;]\" \/>\n<meta property=\"og:url\" content=\"https:\/\/acpri.cat\/es\/acpri-present-a-la-v-trobada-professional-al-sud-de-lacrp-un-espai-daprenentatge-i-bones-practiques-en-protocol\/\" \/>\n<meta property=\"og:site_name\" content=\"ACPRI\" \/>\n<meta property=\"article:published_time\" content=\"2026-03-09T10:52:27+00:00\" \/>\n<meta property=\"article:modified_time\" content=\"2026-03-09T11:06:25+00:00\" \/>\n<meta property=\"og:image\" content=\"https:\/\/acpri.cat\/wp-content\/uploads\/2026\/03\/whatsapp-image-2026-03-05-at-152807.jpeg\" \/>\n\t<meta property=\"og:image:width\" content=\"1024\" \/>\n\t<meta property=\"og:image:height\" content=\"768\" \/>\n\t<meta property=\"og:image:type\" content=\"image\/jpeg\" \/>\n<meta name=\"author\" content=\"Ruth Fern\u00e1ndez\" \/>\n<meta name=\"twitter:card\" content=\"summary_large_image\" \/>\n<meta name=\"twitter:label1\" content=\"Escrito por\" \/>\n\t<meta name=\"twitter:data1\" content=\"Ruth Fern\u00e1ndez\" \/>\n\t<meta name=\"twitter:label2\" content=\"Tiempo de lectura\" \/>\n\t<meta name=\"twitter:data2\" content=\"1 minuto\" \/>\n<script type=\"application\/ld+json\" class=\"yoast-schema-graph\">{\"@context\":\"https:\\\/\\\/schema.org\",\"@graph\":[{\"@type\":\"Article\",\"@id\":\"https:\\\/\\\/acpri.cat\\\/es\\\/acpri-present-a-la-v-trobada-professional-al-sud-de-lacrp-un-espai-daprenentatge-i-bones-practiques-en-protocol\\\/#article\",\"isPartOf\":{\"@id\":\"https:\\\/\\\/acpri.cat\\\/es\\\/acpri-present-a-la-v-trobada-professional-al-sud-de-lacrp-un-espai-daprenentatge-i-bones-practiques-en-protocol\\\/\"},\"author\":{\"name\":\"Ruth Fern\u00e1ndez\",\"@id\":\"https:\\\/\\\/acpri.cat\\\/es\\\/#\\\/schema\\\/person\\\/5239fd2d10b5cdc799348fd652654b43\"},\"headline\":\"ACPRI\u00a0presente en el V Encuentro Profesional en el Sur de ACRP, un espacio de aprendizaje y buenas pr\u00e1cticas en protocolo\",\"datePublished\":\"2026-03-09T10:52:27+00:00\",\"dateModified\":\"2026-03-09T11:06:25+00:00\",\"mainEntityOfPage\":{\"@id\":\"https:\\\/\\\/acpri.cat\\\/es\\\/acpri-present-a-la-v-trobada-professional-al-sud-de-lacrp-un-espai-daprenentatge-i-bones-practiques-en-protocol\\\/\"},\"wordCount\":133,\"image\":{\"@id\":\"https:\\\/\\\/acpri.cat\\\/es\\\/acpri-present-a-la-v-trobada-professional-al-sud-de-lacrp-un-espai-daprenentatge-i-bones-practiques-en-protocol\\\/#primaryimage\"},\"thumbnailUrl\":\"https:\\\/\\\/acpri.cat\\\/wp-content\\\/uploads\\\/2026\\\/03\\\/whatsapp-image-2026-03-05-at-152807.jpeg\",\"articleSection\":[\"Not\u00edcies\"],\"inLanguage\":\"es\"},{\"@type\":\"WebPage\",\"@id\":\"https:\\\/\\\/acpri.cat\\\/es\\\/acpri-present-a-la-v-trobada-professional-al-sud-de-lacrp-un-espai-daprenentatge-i-bones-practiques-en-protocol\\\/\",\"url\":\"https:\\\/\\\/acpri.cat\\\/es\\\/acpri-present-a-la-v-trobada-professional-al-sud-de-lacrp-un-espai-daprenentatge-i-bones-practiques-en-protocol\\\/\",\"name\":\"ACPRI\u00a0presente en el V Encuentro Profesional en el Sur de ACRP, un espacio de aprendizaje y buenas pr\u00e1cticas en protocolo %%\u00daltimas novedades - ACPRI sep%% ACPRI\",\"isPartOf\":{\"@id\":\"https:\\\/\\\/acpri.cat\\\/es\\\/#website\"},\"primaryImageOfPage\":{\"@id\":\"https:\\\/\\\/acpri.cat\\\/es\\\/acpri-present-a-la-v-trobada-professional-al-sud-de-lacrp-un-espai-daprenentatge-i-bones-practiques-en-protocol\\\/#primaryimage\"},\"image\":{\"@id\":\"https:\\\/\\\/acpri.cat\\\/es\\\/acpri-present-a-la-v-trobada-professional-al-sud-de-lacrp-un-espai-daprenentatge-i-bones-practiques-en-protocol\\\/#primaryimage\"},\"thumbnailUrl\":\"https:\\\/\\\/acpri.cat\\\/wp-content\\\/uploads\\\/2026\\\/03\\\/whatsapp-image-2026-03-05-at-152807.jpeg\",\"datePublished\":\"2026-03-09T10:52:27+00:00\",\"dateModified\":\"2026-03-09T11:06:25+00:00\",\"author\":{\"@id\":\"https:\\\/\\\/acpri.cat\\\/es\\\/#\\\/schema\\\/person\\\/5239fd2d10b5cdc799348fd652654b43\"},\"breadcrumb\":{\"@id\":\"https:\\\/\\\/acpri.cat\\\/es\\\/acpri-present-a-la-v-trobada-professional-al-sud-de-lacrp-un-espai-daprenentatge-i-bones-practiques-en-protocol\\\/#breadcrumb\"},\"inLanguage\":\"es\",\"potentialAction\":[{\"@type\":\"ReadAction\",\"target\":[\"https:\\\/\\\/acpri.cat\\\/es\\\/acpri-present-a-la-v-trobada-professional-al-sud-de-lacrp-un-espai-daprenentatge-i-bones-practiques-en-protocol\\\/\"]}]},{\"@type\":\"ImageObject\",\"inLanguage\":\"es\",\"@id\":\"https:\\\/\\\/acpri.cat\\\/es\\\/acpri-present-a-la-v-trobada-professional-al-sud-de-lacrp-un-espai-daprenentatge-i-bones-practiques-en-protocol\\\/#primaryimage\",\"url\":\"https:\\\/\\\/acpri.cat\\\/wp-content\\\/uploads\\\/2026\\\/03\\\/whatsapp-image-2026-03-05-at-152807.jpeg\",\"contentUrl\":\"https:\\\/\\\/acpri.cat\\\/wp-content\\\/uploads\\\/2026\\\/03\\\/whatsapp-image-2026-03-05-at-152807.jpeg\",\"width\":1024,\"height\":768,\"caption\":\"Whatsapp Image 2026 03 05 At 15.28.07\"},{\"@type\":\"BreadcrumbList\",\"@id\":\"https:\\\/\\\/acpri.cat\\\/es\\\/acpri-present-a-la-v-trobada-professional-al-sud-de-lacrp-un-espai-daprenentatge-i-bones-practiques-en-protocol\\\/#breadcrumb\",\"itemListElement\":[{\"@type\":\"ListItem\",\"position\":1,\"name\":\"Inici\",\"item\":\"https:\\\/\\\/acpri.cat\\\/es\\\/\"},{\"@type\":\"ListItem\",\"position\":2,\"name\":\"Not\u00edcies\",\"item\":\"https:\\\/\\\/acpri.cat\\\/es\\\/categoria\\\/noticies-es\\\/\"},{\"@type\":\"ListItem\",\"position\":3,\"name\":\"ACPRI\u00a0presente en el V Encuentro Profesional en el Sur de ACRP, un espacio de aprendizaje y buenas pr\u00e1cticas en protocolo\"}]},{\"@type\":\"WebSite\",\"@id\":\"https:\\\/\\\/acpri.cat\\\/es\\\/#website\",\"url\":\"https:\\\/\\\/acpri.cat\\\/es\\\/\",\"name\":\"ACPRI\",\"description\":\"Associaci\u00f3 Catalana de Protocol i Relacions Institucionals\",\"potentialAction\":[{\"@type\":\"SearchAction\",\"target\":{\"@type\":\"EntryPoint\",\"urlTemplate\":\"https:\\\/\\\/acpri.cat\\\/es\\\/?s={search_term_string}\"},\"query-input\":{\"@type\":\"PropertyValueSpecification\",\"valueRequired\":true,\"valueName\":\"search_term_string\"}}],\"inLanguage\":\"es\"},{\"@type\":\"Person\",\"@id\":\"https:\\\/\\\/acpri.cat\\\/es\\\/#\\\/schema\\\/person\\\/5239fd2d10b5cdc799348fd652654b43\",\"name\":\"Ruth Fern\u00e1ndez\",\"image\":{\"@type\":\"ImageObject\",\"inLanguage\":\"es\",\"@id\":\"https:\\\/\\\/secure.gravatar.com\\\/avatar\\\/2ea712614c9a32f1746b89110076b29b58df5c49b4bd207df621ee0b89b28d34?s=96&d=mm&r=g\",\"url\":\"https:\\\/\\\/secure.gravatar.com\\\/avatar\\\/2ea712614c9a32f1746b89110076b29b58df5c49b4bd207df621ee0b89b28d34?s=96&d=mm&r=g\",\"contentUrl\":\"https:\\\/\\\/secure.gravatar.com\\\/avatar\\\/2ea712614c9a32f1746b89110076b29b58df5c49b4bd207df621ee0b89b28d34?s=96&d=mm&r=g\",\"caption\":\"Ruth Fern\u00e1ndez\"}}]}<\/script>\n<!-- \/ Yoast SEO plugin. -->","yoast_head_json":{"title":"ACPRI\u00a0presente en el V Encuentro Profesional en el Sur de ACRP, un espacio de aprendizaje y buenas pr\u00e1cticas en protocolo %%\u00daltimas novedades - ACPRI sep%% ACPRI","robots":{"index":"index","follow":"follow","max-snippet":"max-snippet:-1","max-image-preview":"max-image-preview:large","max-video-preview":"max-video-preview:-1"},"canonical":"https:\/\/acpri.cat\/es\/acpri-present-a-la-v-trobada-professional-al-sud-de-lacrp-un-espai-daprenentatge-i-bones-practiques-en-protocol\/","og_locale":"es_ES","og_type":"article","og_title":"ACPRI\u00a0presente en el V Encuentro Profesional en el Sur de ACRP, un espacio de aprendizaje y buenas pr\u00e1cticas en protocolo %%\u00daltimas novedades - ACPRI sep%% ACPRI","og_description":"Un grupo de socios y socias de la Asociaci\u00f3n Catalana de Protocolo y Relaciones Institucionales (ACPRI) ha participado en el V Encuentro Profesional al Sur, celebrado los d\u00edas 5 y [&hellip;]","og_url":"https:\/\/acpri.cat\/es\/acpri-present-a-la-v-trobada-professional-al-sud-de-lacrp-un-espai-daprenentatge-i-bones-practiques-en-protocol\/","og_site_name":"ACPRI","article_published_time":"2026-03-09T10:52:27+00:00","article_modified_time":"2026-03-09T11:06:25+00:00","og_image":[{"width":1024,"height":768,"url":"https:\/\/acpri.cat\/wp-content\/uploads\/2026\/03\/whatsapp-image-2026-03-05-at-152807.jpeg","type":"image\/jpeg"}],"author":"Ruth Fern\u00e1ndez","twitter_card":"summary_large_image","twitter_misc":{"Escrito por":"Ruth Fern\u00e1ndez","Tiempo de lectura":"1 minuto"},"schema":{"@context":"https:\/\/schema.org","@graph":[{"@type":"Article","@id":"https:\/\/acpri.cat\/es\/acpri-present-a-la-v-trobada-professional-al-sud-de-lacrp-un-espai-daprenentatge-i-bones-practiques-en-protocol\/#article","isPartOf":{"@id":"https:\/\/acpri.cat\/es\/acpri-present-a-la-v-trobada-professional-al-sud-de-lacrp-un-espai-daprenentatge-i-bones-practiques-en-protocol\/"},"author":{"name":"Ruth Fern\u00e1ndez","@id":"https:\/\/acpri.cat\/es\/#\/schema\/person\/5239fd2d10b5cdc799348fd652654b43"},"headline":"ACPRI\u00a0presente en el V Encuentro Profesional en el Sur de ACRP, un espacio de aprendizaje y buenas pr\u00e1cticas en protocolo","datePublished":"2026-03-09T10:52:27+00:00","dateModified":"2026-03-09T11:06:25+00:00","mainEntityOfPage":{"@id":"https:\/\/acpri.cat\/es\/acpri-present-a-la-v-trobada-professional-al-sud-de-lacrp-un-espai-daprenentatge-i-bones-practiques-en-protocol\/"},"wordCount":133,"image":{"@id":"https:\/\/acpri.cat\/es\/acpri-present-a-la-v-trobada-professional-al-sud-de-lacrp-un-espai-daprenentatge-i-bones-practiques-en-protocol\/#primaryimage"},"thumbnailUrl":"https:\/\/acpri.cat\/wp-content\/uploads\/2026\/03\/whatsapp-image-2026-03-05-at-152807.jpeg","articleSection":["Not\u00edcies"],"inLanguage":"es"},{"@type":"WebPage","@id":"https:\/\/acpri.cat\/es\/acpri-present-a-la-v-trobada-professional-al-sud-de-lacrp-un-espai-daprenentatge-i-bones-practiques-en-protocol\/","url":"https:\/\/acpri.cat\/es\/acpri-present-a-la-v-trobada-professional-al-sud-de-lacrp-un-espai-daprenentatge-i-bones-practiques-en-protocol\/","name":"ACPRI\u00a0presente en el V Encuentro Profesional en el Sur de ACRP, un espacio de aprendizaje y buenas pr\u00e1cticas en protocolo %%\u00daltimas novedades - ACPRI sep%% ACPRI","isPartOf":{"@id":"https:\/\/acpri.cat\/es\/#website"},"primaryImageOfPage":{"@id":"https:\/\/acpri.cat\/es\/acpri-present-a-la-v-trobada-professional-al-sud-de-lacrp-un-espai-daprenentatge-i-bones-practiques-en-protocol\/#primaryimage"},"image":{"@id":"https:\/\/acpri.cat\/es\/acpri-present-a-la-v-trobada-professional-al-sud-de-lacrp-un-espai-daprenentatge-i-bones-practiques-en-protocol\/#primaryimage"},"thumbnailUrl":"https:\/\/acpri.cat\/wp-content\/uploads\/2026\/03\/whatsapp-image-2026-03-05-at-152807.jpeg","datePublished":"2026-03-09T10:52:27+00:00","dateModified":"2026-03-09T11:06:25+00:00","author":{"@id":"https:\/\/acpri.cat\/es\/#\/schema\/person\/5239fd2d10b5cdc799348fd652654b43"},"breadcrumb":{"@id":"https:\/\/acpri.cat\/es\/acpri-present-a-la-v-trobada-professional-al-sud-de-lacrp-un-espai-daprenentatge-i-bones-practiques-en-protocol\/#breadcrumb"},"inLanguage":"es","potentialAction":[{"@type":"ReadAction","target":["https:\/\/acpri.cat\/es\/acpri-present-a-la-v-trobada-professional-al-sud-de-lacrp-un-espai-daprenentatge-i-bones-practiques-en-protocol\/"]}]},{"@type":"ImageObject","inLanguage":"es","@id":"https:\/\/acpri.cat\/es\/acpri-present-a-la-v-trobada-professional-al-sud-de-lacrp-un-espai-daprenentatge-i-bones-practiques-en-protocol\/#primaryimage","url":"https:\/\/acpri.cat\/wp-content\/uploads\/2026\/03\/whatsapp-image-2026-03-05-at-152807.jpeg","contentUrl":"https:\/\/acpri.cat\/wp-content\/uploads\/2026\/03\/whatsapp-image-2026-03-05-at-152807.jpeg","width":1024,"height":768,"caption":"Whatsapp Image 2026 03 05 At 15.28.07"},{"@type":"BreadcrumbList","@id":"https:\/\/acpri.cat\/es\/acpri-present-a-la-v-trobada-professional-al-sud-de-lacrp-un-espai-daprenentatge-i-bones-practiques-en-protocol\/#breadcrumb","itemListElement":[{"@type":"ListItem","position":1,"name":"Inici","item":"https:\/\/acpri.cat\/es\/"},{"@type":"ListItem","position":2,"name":"Not\u00edcies","item":"https:\/\/acpri.cat\/es\/categoria\/noticies-es\/"},{"@type":"ListItem","position":3,"name":"ACPRI\u00a0presente en el V Encuentro Profesional en el Sur de ACRP, un espacio de aprendizaje y buenas pr\u00e1cticas en protocolo"}]},{"@type":"WebSite","@id":"https:\/\/acpri.cat\/es\/#website","url":"https:\/\/acpri.cat\/es\/","name":"ACPRI","description":"Associaci\u00f3 Catalana de Protocol i Relacions Institucionals","potentialAction":[{"@type":"SearchAction","target":{"@type":"EntryPoint","urlTemplate":"https:\/\/acpri.cat\/es\/?s={search_term_string}"},"query-input":{"@type":"PropertyValueSpecification","valueRequired":true,"valueName":"search_term_string"}}],"inLanguage":"es"},{"@type":"Person","@id":"https:\/\/acpri.cat\/es\/#\/schema\/person\/5239fd2d10b5cdc799348fd652654b43","name":"Ruth Fern\u00e1ndez","image":{"@type":"ImageObject","inLanguage":"es","@id":"https:\/\/secure.gravatar.com\/avatar\/2ea712614c9a32f1746b89110076b29b58df5c49b4bd207df621ee0b89b28d34?s=96&d=mm&r=g","url":"https:\/\/secure.gravatar.com\/avatar\/2ea712614c9a32f1746b89110076b29b58df5c49b4bd207df621ee0b89b28d34?s=96&d=mm&r=g","contentUrl":"https:\/\/secure.gravatar.com\/avatar\/2ea712614c9a32f1746b89110076b29b58df5c49b4bd207df621ee0b89b28d34?s=96&d=mm&r=g","caption":"Ruth Fern\u00e1ndez"}}]}},"_links":{"self":[{"href":"https:\/\/acpri.cat\/es\/wp-json\/wp\/v2\/posts\/28543","targetHints":{"allow":["GET"]}}],"collection":[{"href":"https:\/\/acpri.cat\/es\/wp-json\/wp\/v2\/posts"}],"about":[{"href":"https:\/\/acpri.cat\/es\/wp-json\/wp\/v2\/types\/post"}],"author":[{"embeddable":true,"href":"https:\/\/acpri.cat\/es\/wp-json\/wp\/v2\/users\/699"}],"replies":[{"embeddable":true,"href":"https:\/\/acpri.cat\/es\/wp-json\/wp\/v2\/comments?post=28543"}],"version-history":[{"count":2,"href":"https:\/\/acpri.cat\/es\/wp-json\/wp\/v2\/posts\/28543\/revisions"}],"predecessor-version":[{"id":28549,"href":"https:\/\/acpri.cat\/es\/wp-json\/wp\/v2\/posts\/28543\/revisions\/28549"}],"wp:featuredmedia":[{"embeddable":true,"href":"https:\/\/acpri.cat\/es\/wp-json\/wp\/v2\/media\/28576"}],"wp:attachment":[{"href":"https:\/\/acpri.cat\/es\/wp-json\/wp\/v2\/media?parent=28543"}],"wp:term":[{"taxonomy":"category","embeddable":true,"href":"https:\/\/acpri.cat\/es\/wp-json\/wp\/v2\/categories?post=28543"},{"taxonomy":"post_tag","embeddable":true,"href":"https:\/\/acpri.cat\/es\/wp-json\/wp\/v2\/tags?post=28543"}],"curies":[{"name":"wp","href":"https:\/\/api.w.org\/{rel}","templated":true}]}}