{"id":28184,"date":"2026-01-28T12:01:16","date_gmt":"2026-01-28T11:01:16","guid":{"rendered":"https:\/\/acpri.cat\/el-palau-de-la-musica-celebra-beethoven-con-la-orquestra-sinfonica-de-sant-cugat\/"},"modified":"2026-01-28T12:05:27","modified_gmt":"2026-01-28T11:05:27","slug":"el-palau-de-la-musica-celebra-beethoven-con-la-orquestra-sinfonica-de-sant-cugat","status":"publish","type":"post","link":"https:\/\/acpri.cat\/es\/el-palau-de-la-musica-celebra-beethoven-con-la-orquestra-sinfonica-de-sant-cugat\/","title":{"rendered":"El Palau de la M\u00fasica celebra Beethoven con la Orquesta Sinf\u00f3nica de Sant Cugat"},"content":{"rendered":"\n<p>El Palau de la M\u00fasica acoge un concierto emblem\u00e1tico de Beethoven con homenaje a Conxita Badia<\/p>\n\n\n\n<p>El pr\u00f3ximo <strong data-start=\"157\" data-end=\"172\">14 de abril<\/strong>, el <strong data-start=\"177\" data-end=\"208\">Palau de la M\u00fasica Catalana<\/strong> ser\u00e1 el escenario de un concierto especial a cargo de la <strong data-start=\"266\" data-end=\"302\">Orquesta Sinf\u00f3nica de Sant Cugat<\/strong>, dirigida por el reconocido <strong data-start=\"331\" data-end=\"351\">Salvador Brotons<\/strong>. La actuaci\u00f3n incluir\u00e1 la interpretaci\u00f3n de la <strong data-start=\"399\" data-end=\"431\">Sinfon\u00eda n\u00fam. 9 de Beethoven<\/strong>, una obra universal que simboliza la <strong data-start=\"469\" data-end=\"499\">esperanza y la fraternidad<\/strong>.<\/p>\n\n\n\n<p>Adem\u00e1s, durante el concierto se presentar\u00e1 <strong data-start=\"547\" data-end=\"575\">\u201cMemorias de la Conxita\u201d<\/strong>, un emotivo homenaje a la soprano <strong data-start=\"610\" data-end=\"627\">Conxita Badia<\/strong>, con una selecci\u00f3n de sus composiciones orquestadas por el maestro Brotons. Esta iniciativa forma parte de los actos conmemorativos del <strong data-start=\"764\" data-end=\"785\">A\u00f1o Conxita Badia<\/strong>, que celebran la trayectoria y el legado de la cantante catalana.<\/p>\n\n\n\n<p>En el marco de este concierto, <strong data-start=\"886\" data-end=\"902\">Flora Puntos<\/strong>, socia de <strong data-start=\"916\" data-end=\"925\">ACPRI<\/strong>, y <strong data-start=\"929\" data-end=\"943\">Josep Sol\u00e0<\/strong>, presidente de <strong data-start=\"962\" data-end=\"971\">ACPRI<\/strong>, han firmado un <strong data-start=\"988\" data-end=\"1016\">convenio de colaboraci\u00f3n<\/strong> que refuerza el compromiso de la entidad con la promoci\u00f3n de la cultura.<\/p>\n\n\n\n<p>El concierto promete ser una cita inolvidable que combina la fuerza de Beethoven con la delicadeza y el carisma de Conxita Badia, ofreciendo al p\u00fablico una experiencia musical llena de emoci\u00f3n y significado.<\/p>\n\n\n\n<p><\/p>\n","protected":false},"excerpt":{"rendered":"<p>El Palau de la M\u00fasica acoge un concierto emblem\u00e1tico de Beethoven con homenaje a Conxita Badia El pr\u00f3ximo 14 de abril, el Palau de la M\u00fasica Catalana ser\u00e1 el escenario [&hellip;]<\/p>\n","protected":false},"author":699,"featured_media":28183,"comment_status":"closed","ping_status":"closed","sticky":false,"template":"","format":"standard","meta":{"_acf_changed":false,"_bbp_topic_count":0,"_bbp_reply_count":0,"_bbp_total_topic_count":0,"_bbp_total_reply_count":0,"_bbp_voice_count":0,"_bbp_anonymous_reply_count":0,"_bbp_topic_count_hidden":0,"_bbp_reply_count_hidden":0,"_bbp_forum_subforum_count":0,"_coblocks_attr":"","_coblocks_dimensions":"","_coblocks_responsive_height":"","_coblocks_accordion_ie_support":"","_EventAllDay":false,"_EventTimezone":"","_EventStartDate":"","_EventEndDate":"","_EventStartDateUTC":"","_EventEndDateUTC":"","_EventShowMap":false,"_EventShowMapLink":false,"_EventURL":"","_EventCost":"","_EventCostDescription":"","_EventCurrencySymbol":"","_EventCurrencyCode":"","_EventCurrencyPosition":"","_EventDateTimeSeparator":"","_EventTimeRangeSeparator":"","_EventOrganizerID":[],"_EventVenueID":[],"_OrganizerEmail":"","_OrganizerPhone":"","_OrganizerWebsite":"","_VenueAddress":"","_VenueCity":"","_VenueCountry":"","_VenueProvince":"","_VenueState":"","_VenueZip":"","_VenuePhone":"","_VenueURL":"","_VenueStateProvince":"","_VenueLat":"","_VenueLng":"","_VenueShowMap":false,"_VenueShowMapLink":false,"footnotes":""},"categories":[166],"tags":[],"class_list":["post-28184","post","type-post","status-publish","format-standard","has-post-thumbnail","hentry","category-noticies-es"],"acf":[],"featured_image_urls_v2":{"full":["https:\/\/acpri.cat\/wp-content\/uploads\/2026\/01\/whatsapp-image-2026-01-27-at-093055.jpeg",768,1024,false],"thumbnail":["https:\/\/acpri.cat\/wp-content\/uploads\/2026\/01\/whatsapp-image-2026-01-27-at-093055-150x150.jpeg",150,150,true],"medium":["https:\/\/acpri.cat\/wp-content\/uploads\/2026\/01\/whatsapp-image-2026-01-27-at-093055-225x300.jpeg",225,300,true],"medium_large":["https:\/\/acpri.cat\/wp-content\/uploads\/2026\/01\/whatsapp-image-2026-01-27-at-093055.jpeg",768,1024,false],"large":["https:\/\/acpri.cat\/wp-content\/uploads\/2026\/01\/whatsapp-image-2026-01-27-at-093055.jpeg",768,1024,false],"1536x1536":["https:\/\/acpri.cat\/wp-content\/uploads\/2026\/01\/whatsapp-image-2026-01-27-at-093055.jpeg",768,1024,false],"2048x2048":["https:\/\/acpri.cat\/wp-content\/uploads\/2026\/01\/whatsapp-image-2026-01-27-at-093055.jpeg",768,1024,false]},"post_excerpt_stackable_v2":"<p>El Palau de la M\u00fasica acoge un concierto emblem\u00e1tico de Beethoven con homenaje a Conxita Badia El pr\u00f3ximo 14 de abril, el Palau de la M\u00fasica Catalana ser\u00e1 el escenario de un concierto especial a cargo de la Orquesta Sinf\u00f3nica de Sant Cugat, dirigida por el reconocido Salvador Brotons. La actuaci\u00f3n incluir\u00e1 la interpretaci\u00f3n de la Sinfon\u00eda n\u00fam. 9 de Beethoven, una obra universal que simboliza la esperanza y la fraternidad. Adem\u00e1s, durante el concierto se presentar\u00e1 \u201cMemorias de la Conxita\u201d, un emotivo homenaje a la soprano Conxita Badia, con una selecci\u00f3n de sus composiciones orquestadas por el maestro Brotons.&hellip;<\/p>\n","category_list_v2":"<a href=\"https:\/\/acpri.cat\/es\/categoria\/noticies-es\/\" rel=\"category tag\">Not\u00edcies<\/a>","author_info_v2":{"name":"Ruth Fern\u00e1ndez","url":"https:\/\/acpri.cat\/es\/author\/ruth-fernandez\/"},"comments_num_v2":"0 comentarios","yoast_head":"<!-- This site is optimized with the Yoast SEO plugin v27.4 - https:\/\/yoast.com\/product\/yoast-seo-wordpress\/ -->\n<title>El Palau de la M\u00fasica celebra Beethoven con la Orquesta Sinf\u00f3nica de Sant Cugat %%\u00daltimas novedades - ACPRI sep%% ACPRI<\/title>\n<meta name=\"robots\" content=\"index, follow, max-snippet:-1, max-image-preview:large, max-video-preview:-1\" \/>\n<link rel=\"canonical\" href=\"https:\/\/acpri.cat\/es\/el-palau-de-la-musica-celebra-beethoven-con-la-orquestra-sinfonica-de-sant-cugat\/\" \/>\n<meta property=\"og:locale\" content=\"es_ES\" \/>\n<meta property=\"og:type\" content=\"article\" \/>\n<meta property=\"og:title\" content=\"El Palau de la M\u00fasica celebra Beethoven con la Orquesta Sinf\u00f3nica de Sant Cugat %%\u00daltimas novedades - ACPRI sep%% ACPRI\" \/>\n<meta property=\"og:description\" content=\"El Palau de la M\u00fasica acoge un concierto emblem\u00e1tico de Beethoven con homenaje a Conxita Badia El pr\u00f3ximo 14 de abril, el Palau de la M\u00fasica Catalana ser\u00e1 el escenario [&hellip;]\" \/>\n<meta property=\"og:url\" content=\"https:\/\/acpri.cat\/es\/el-palau-de-la-musica-celebra-beethoven-con-la-orquestra-sinfonica-de-sant-cugat\/\" \/>\n<meta property=\"og:site_name\" content=\"ACPRI\" \/>\n<meta property=\"article:published_time\" content=\"2026-01-28T11:01:16+00:00\" \/>\n<meta property=\"article:modified_time\" content=\"2026-01-28T11:05:27+00:00\" \/>\n<meta property=\"og:image\" content=\"https:\/\/acpri.cat\/wp-content\/uploads\/2026\/01\/whatsapp-image-2026-01-27-at-093055.jpeg\" \/>\n\t<meta property=\"og:image:width\" content=\"768\" \/>\n\t<meta property=\"og:image:height\" content=\"1024\" \/>\n\t<meta property=\"og:image:type\" content=\"image\/jpeg\" \/>\n<meta name=\"author\" content=\"Ruth Fern\u00e1ndez\" \/>\n<meta name=\"twitter:card\" content=\"summary_large_image\" \/>\n<meta name=\"twitter:label1\" content=\"Escrito por\" \/>\n\t<meta name=\"twitter:data1\" content=\"Ruth Fern\u00e1ndez\" \/>\n\t<meta name=\"twitter:label2\" content=\"Tiempo de lectura\" \/>\n\t<meta name=\"twitter:data2\" content=\"2 minutos\" \/>\n<script type=\"application\/ld+json\" class=\"yoast-schema-graph\">{\"@context\":\"https:\\\/\\\/schema.org\",\"@graph\":[{\"@type\":\"Article\",\"@id\":\"https:\\\/\\\/acpri.cat\\\/es\\\/el-palau-de-la-musica-celebra-beethoven-con-la-orquestra-sinfonica-de-sant-cugat\\\/#article\",\"isPartOf\":{\"@id\":\"https:\\\/\\\/acpri.cat\\\/es\\\/el-palau-de-la-musica-celebra-beethoven-con-la-orquestra-sinfonica-de-sant-cugat\\\/\"},\"author\":{\"name\":\"Ruth Fern\u00e1ndez\",\"@id\":\"https:\\\/\\\/acpri.cat\\\/es\\\/#\\\/schema\\\/person\\\/5239fd2d10b5cdc799348fd652654b43\"},\"headline\":\"El Palau de la M\u00fasica celebra Beethoven con la Orquesta Sinf\u00f3nica de Sant Cugat\",\"datePublished\":\"2026-01-28T11:01:16+00:00\",\"dateModified\":\"2026-01-28T11:05:27+00:00\",\"mainEntityOfPage\":{\"@id\":\"https:\\\/\\\/acpri.cat\\\/es\\\/el-palau-de-la-musica-celebra-beethoven-con-la-orquestra-sinfonica-de-sant-cugat\\\/\"},\"wordCount\":222,\"image\":{\"@id\":\"https:\\\/\\\/acpri.cat\\\/es\\\/el-palau-de-la-musica-celebra-beethoven-con-la-orquestra-sinfonica-de-sant-cugat\\\/#primaryimage\"},\"thumbnailUrl\":\"https:\\\/\\\/acpri.cat\\\/wp-content\\\/uploads\\\/2026\\\/01\\\/whatsapp-image-2026-01-27-at-093055.jpeg\",\"articleSection\":[\"Not\u00edcies\"],\"inLanguage\":\"es\"},{\"@type\":\"WebPage\",\"@id\":\"https:\\\/\\\/acpri.cat\\\/es\\\/el-palau-de-la-musica-celebra-beethoven-con-la-orquestra-sinfonica-de-sant-cugat\\\/\",\"url\":\"https:\\\/\\\/acpri.cat\\\/es\\\/el-palau-de-la-musica-celebra-beethoven-con-la-orquestra-sinfonica-de-sant-cugat\\\/\",\"name\":\"El Palau de la M\u00fasica celebra Beethoven con la Orquesta Sinf\u00f3nica de Sant Cugat %%\u00daltimas novedades - ACPRI sep%% ACPRI\",\"isPartOf\":{\"@id\":\"https:\\\/\\\/acpri.cat\\\/es\\\/#website\"},\"primaryImageOfPage\":{\"@id\":\"https:\\\/\\\/acpri.cat\\\/es\\\/el-palau-de-la-musica-celebra-beethoven-con-la-orquestra-sinfonica-de-sant-cugat\\\/#primaryimage\"},\"image\":{\"@id\":\"https:\\\/\\\/acpri.cat\\\/es\\\/el-palau-de-la-musica-celebra-beethoven-con-la-orquestra-sinfonica-de-sant-cugat\\\/#primaryimage\"},\"thumbnailUrl\":\"https:\\\/\\\/acpri.cat\\\/wp-content\\\/uploads\\\/2026\\\/01\\\/whatsapp-image-2026-01-27-at-093055.jpeg\",\"datePublished\":\"2026-01-28T11:01:16+00:00\",\"dateModified\":\"2026-01-28T11:05:27+00:00\",\"author\":{\"@id\":\"https:\\\/\\\/acpri.cat\\\/es\\\/#\\\/schema\\\/person\\\/5239fd2d10b5cdc799348fd652654b43\"},\"breadcrumb\":{\"@id\":\"https:\\\/\\\/acpri.cat\\\/es\\\/el-palau-de-la-musica-celebra-beethoven-con-la-orquestra-sinfonica-de-sant-cugat\\\/#breadcrumb\"},\"inLanguage\":\"es\",\"potentialAction\":[{\"@type\":\"ReadAction\",\"target\":[\"https:\\\/\\\/acpri.cat\\\/es\\\/el-palau-de-la-musica-celebra-beethoven-con-la-orquestra-sinfonica-de-sant-cugat\\\/\"]}]},{\"@type\":\"ImageObject\",\"inLanguage\":\"es\",\"@id\":\"https:\\\/\\\/acpri.cat\\\/es\\\/el-palau-de-la-musica-celebra-beethoven-con-la-orquestra-sinfonica-de-sant-cugat\\\/#primaryimage\",\"url\":\"https:\\\/\\\/acpri.cat\\\/wp-content\\\/uploads\\\/2026\\\/01\\\/whatsapp-image-2026-01-27-at-093055.jpeg\",\"contentUrl\":\"https:\\\/\\\/acpri.cat\\\/wp-content\\\/uploads\\\/2026\\\/01\\\/whatsapp-image-2026-01-27-at-093055.jpeg\",\"width\":768,\"height\":1024,\"caption\":\"Whatsapp Image 2026 01 27 At 09.30.55\"},{\"@type\":\"BreadcrumbList\",\"@id\":\"https:\\\/\\\/acpri.cat\\\/es\\\/el-palau-de-la-musica-celebra-beethoven-con-la-orquestra-sinfonica-de-sant-cugat\\\/#breadcrumb\",\"itemListElement\":[{\"@type\":\"ListItem\",\"position\":1,\"name\":\"Inici\",\"item\":\"https:\\\/\\\/acpri.cat\\\/es\\\/\"},{\"@type\":\"ListItem\",\"position\":2,\"name\":\"Not\u00edcies\",\"item\":\"https:\\\/\\\/acpri.cat\\\/es\\\/categoria\\\/noticies-es\\\/\"},{\"@type\":\"ListItem\",\"position\":3,\"name\":\"El Palau de la M\u00fasica celebra Beethoven con la Orquesta Sinf\u00f3nica de Sant Cugat\"}]},{\"@type\":\"WebSite\",\"@id\":\"https:\\\/\\\/acpri.cat\\\/es\\\/#website\",\"url\":\"https:\\\/\\\/acpri.cat\\\/es\\\/\",\"name\":\"ACPRI\",\"description\":\"Associaci\u00f3 Catalana de Protocol i Relacions Institucionals\",\"potentialAction\":[{\"@type\":\"SearchAction\",\"target\":{\"@type\":\"EntryPoint\",\"urlTemplate\":\"https:\\\/\\\/acpri.cat\\\/es\\\/?s={search_term_string}\"},\"query-input\":{\"@type\":\"PropertyValueSpecification\",\"valueRequired\":true,\"valueName\":\"search_term_string\"}}],\"inLanguage\":\"es\"},{\"@type\":\"Person\",\"@id\":\"https:\\\/\\\/acpri.cat\\\/es\\\/#\\\/schema\\\/person\\\/5239fd2d10b5cdc799348fd652654b43\",\"name\":\"Ruth Fern\u00e1ndez\",\"image\":{\"@type\":\"ImageObject\",\"inLanguage\":\"es\",\"@id\":\"https:\\\/\\\/secure.gravatar.com\\\/avatar\\\/2ea712614c9a32f1746b89110076b29b58df5c49b4bd207df621ee0b89b28d34?s=96&d=mm&r=g\",\"url\":\"https:\\\/\\\/secure.gravatar.com\\\/avatar\\\/2ea712614c9a32f1746b89110076b29b58df5c49b4bd207df621ee0b89b28d34?s=96&d=mm&r=g\",\"contentUrl\":\"https:\\\/\\\/secure.gravatar.com\\\/avatar\\\/2ea712614c9a32f1746b89110076b29b58df5c49b4bd207df621ee0b89b28d34?s=96&d=mm&r=g\",\"caption\":\"Ruth Fern\u00e1ndez\"}}]}<\/script>\n<!-- \/ Yoast SEO plugin. -->","yoast_head_json":{"title":"El Palau de la M\u00fasica celebra Beethoven con la Orquesta Sinf\u00f3nica de Sant Cugat %%\u00daltimas novedades - ACPRI sep%% ACPRI","robots":{"index":"index","follow":"follow","max-snippet":"max-snippet:-1","max-image-preview":"max-image-preview:large","max-video-preview":"max-video-preview:-1"},"canonical":"https:\/\/acpri.cat\/es\/el-palau-de-la-musica-celebra-beethoven-con-la-orquestra-sinfonica-de-sant-cugat\/","og_locale":"es_ES","og_type":"article","og_title":"El Palau de la M\u00fasica celebra Beethoven con la Orquesta Sinf\u00f3nica de Sant Cugat %%\u00daltimas novedades - ACPRI sep%% ACPRI","og_description":"El Palau de la M\u00fasica acoge un concierto emblem\u00e1tico de Beethoven con homenaje a Conxita Badia El pr\u00f3ximo 14 de abril, el Palau de la M\u00fasica Catalana ser\u00e1 el escenario [&hellip;]","og_url":"https:\/\/acpri.cat\/es\/el-palau-de-la-musica-celebra-beethoven-con-la-orquestra-sinfonica-de-sant-cugat\/","og_site_name":"ACPRI","article_published_time":"2026-01-28T11:01:16+00:00","article_modified_time":"2026-01-28T11:05:27+00:00","og_image":[{"width":768,"height":1024,"url":"https:\/\/acpri.cat\/wp-content\/uploads\/2026\/01\/whatsapp-image-2026-01-27-at-093055.jpeg","type":"image\/jpeg"}],"author":"Ruth Fern\u00e1ndez","twitter_card":"summary_large_image","twitter_misc":{"Escrito por":"Ruth Fern\u00e1ndez","Tiempo de lectura":"2 minutos"},"schema":{"@context":"https:\/\/schema.org","@graph":[{"@type":"Article","@id":"https:\/\/acpri.cat\/es\/el-palau-de-la-musica-celebra-beethoven-con-la-orquestra-sinfonica-de-sant-cugat\/#article","isPartOf":{"@id":"https:\/\/acpri.cat\/es\/el-palau-de-la-musica-celebra-beethoven-con-la-orquestra-sinfonica-de-sant-cugat\/"},"author":{"name":"Ruth Fern\u00e1ndez","@id":"https:\/\/acpri.cat\/es\/#\/schema\/person\/5239fd2d10b5cdc799348fd652654b43"},"headline":"El Palau de la M\u00fasica celebra Beethoven con la Orquesta Sinf\u00f3nica de Sant Cugat","datePublished":"2026-01-28T11:01:16+00:00","dateModified":"2026-01-28T11:05:27+00:00","mainEntityOfPage":{"@id":"https:\/\/acpri.cat\/es\/el-palau-de-la-musica-celebra-beethoven-con-la-orquestra-sinfonica-de-sant-cugat\/"},"wordCount":222,"image":{"@id":"https:\/\/acpri.cat\/es\/el-palau-de-la-musica-celebra-beethoven-con-la-orquestra-sinfonica-de-sant-cugat\/#primaryimage"},"thumbnailUrl":"https:\/\/acpri.cat\/wp-content\/uploads\/2026\/01\/whatsapp-image-2026-01-27-at-093055.jpeg","articleSection":["Not\u00edcies"],"inLanguage":"es"},{"@type":"WebPage","@id":"https:\/\/acpri.cat\/es\/el-palau-de-la-musica-celebra-beethoven-con-la-orquestra-sinfonica-de-sant-cugat\/","url":"https:\/\/acpri.cat\/es\/el-palau-de-la-musica-celebra-beethoven-con-la-orquestra-sinfonica-de-sant-cugat\/","name":"El Palau de la M\u00fasica celebra Beethoven con la Orquesta Sinf\u00f3nica de Sant Cugat %%\u00daltimas novedades - ACPRI sep%% ACPRI","isPartOf":{"@id":"https:\/\/acpri.cat\/es\/#website"},"primaryImageOfPage":{"@id":"https:\/\/acpri.cat\/es\/el-palau-de-la-musica-celebra-beethoven-con-la-orquestra-sinfonica-de-sant-cugat\/#primaryimage"},"image":{"@id":"https:\/\/acpri.cat\/es\/el-palau-de-la-musica-celebra-beethoven-con-la-orquestra-sinfonica-de-sant-cugat\/#primaryimage"},"thumbnailUrl":"https:\/\/acpri.cat\/wp-content\/uploads\/2026\/01\/whatsapp-image-2026-01-27-at-093055.jpeg","datePublished":"2026-01-28T11:01:16+00:00","dateModified":"2026-01-28T11:05:27+00:00","author":{"@id":"https:\/\/acpri.cat\/es\/#\/schema\/person\/5239fd2d10b5cdc799348fd652654b43"},"breadcrumb":{"@id":"https:\/\/acpri.cat\/es\/el-palau-de-la-musica-celebra-beethoven-con-la-orquestra-sinfonica-de-sant-cugat\/#breadcrumb"},"inLanguage":"es","potentialAction":[{"@type":"ReadAction","target":["https:\/\/acpri.cat\/es\/el-palau-de-la-musica-celebra-beethoven-con-la-orquestra-sinfonica-de-sant-cugat\/"]}]},{"@type":"ImageObject","inLanguage":"es","@id":"https:\/\/acpri.cat\/es\/el-palau-de-la-musica-celebra-beethoven-con-la-orquestra-sinfonica-de-sant-cugat\/#primaryimage","url":"https:\/\/acpri.cat\/wp-content\/uploads\/2026\/01\/whatsapp-image-2026-01-27-at-093055.jpeg","contentUrl":"https:\/\/acpri.cat\/wp-content\/uploads\/2026\/01\/whatsapp-image-2026-01-27-at-093055.jpeg","width":768,"height":1024,"caption":"Whatsapp Image 2026 01 27 At 09.30.55"},{"@type":"BreadcrumbList","@id":"https:\/\/acpri.cat\/es\/el-palau-de-la-musica-celebra-beethoven-con-la-orquestra-sinfonica-de-sant-cugat\/#breadcrumb","itemListElement":[{"@type":"ListItem","position":1,"name":"Inici","item":"https:\/\/acpri.cat\/es\/"},{"@type":"ListItem","position":2,"name":"Not\u00edcies","item":"https:\/\/acpri.cat\/es\/categoria\/noticies-es\/"},{"@type":"ListItem","position":3,"name":"El Palau de la M\u00fasica celebra Beethoven con la Orquesta Sinf\u00f3nica de Sant Cugat"}]},{"@type":"WebSite","@id":"https:\/\/acpri.cat\/es\/#website","url":"https:\/\/acpri.cat\/es\/","name":"ACPRI","description":"Associaci\u00f3 Catalana de Protocol i Relacions Institucionals","potentialAction":[{"@type":"SearchAction","target":{"@type":"EntryPoint","urlTemplate":"https:\/\/acpri.cat\/es\/?s={search_term_string}"},"query-input":{"@type":"PropertyValueSpecification","valueRequired":true,"valueName":"search_term_string"}}],"inLanguage":"es"},{"@type":"Person","@id":"https:\/\/acpri.cat\/es\/#\/schema\/person\/5239fd2d10b5cdc799348fd652654b43","name":"Ruth Fern\u00e1ndez","image":{"@type":"ImageObject","inLanguage":"es","@id":"https:\/\/secure.gravatar.com\/avatar\/2ea712614c9a32f1746b89110076b29b58df5c49b4bd207df621ee0b89b28d34?s=96&d=mm&r=g","url":"https:\/\/secure.gravatar.com\/avatar\/2ea712614c9a32f1746b89110076b29b58df5c49b4bd207df621ee0b89b28d34?s=96&d=mm&r=g","contentUrl":"https:\/\/secure.gravatar.com\/avatar\/2ea712614c9a32f1746b89110076b29b58df5c49b4bd207df621ee0b89b28d34?s=96&d=mm&r=g","caption":"Ruth Fern\u00e1ndez"}}]}},"_links":{"self":[{"href":"https:\/\/acpri.cat\/es\/wp-json\/wp\/v2\/posts\/28184","targetHints":{"allow":["GET"]}}],"collection":[{"href":"https:\/\/acpri.cat\/es\/wp-json\/wp\/v2\/posts"}],"about":[{"href":"https:\/\/acpri.cat\/es\/wp-json\/wp\/v2\/types\/post"}],"author":[{"embeddable":true,"href":"https:\/\/acpri.cat\/es\/wp-json\/wp\/v2\/users\/699"}],"replies":[{"embeddable":true,"href":"https:\/\/acpri.cat\/es\/wp-json\/wp\/v2\/comments?post=28184"}],"version-history":[{"count":3,"href":"https:\/\/acpri.cat\/es\/wp-json\/wp\/v2\/posts\/28184\/revisions"}],"predecessor-version":[{"id":28187,"href":"https:\/\/acpri.cat\/es\/wp-json\/wp\/v2\/posts\/28184\/revisions\/28187"}],"wp:featuredmedia":[{"embeddable":true,"href":"https:\/\/acpri.cat\/es\/wp-json\/wp\/v2\/media\/28183"}],"wp:attachment":[{"href":"https:\/\/acpri.cat\/es\/wp-json\/wp\/v2\/media?parent=28184"}],"wp:term":[{"taxonomy":"category","embeddable":true,"href":"https:\/\/acpri.cat\/es\/wp-json\/wp\/v2\/categories?post=28184"},{"taxonomy":"post_tag","embeddable":true,"href":"https:\/\/acpri.cat\/es\/wp-json\/wp\/v2\/tags?post=28184"}],"curies":[{"name":"wp","href":"https:\/\/api.w.org\/{rel}","templated":true}]}}