{"id":17359,"date":"2013-07-03T00:00:00","date_gmt":"2013-07-02T22:00:00","guid":{"rendered":"https:\/\/acpri.cat\/la-cursa-de-el-corte-ingles-y-josep-maria-marti-i-cardus-premios-acpri-2013\/"},"modified":"2021-04-19T16:56:35","modified_gmt":"2021-04-19T14:56:35","slug":"la-cursa-de-el-corte-ingles-y-josep-maria-marti-i-cardus-premios-acpri-2013","status":"publish","type":"post","link":"https:\/\/acpri.cat\/es\/la-cursa-de-el-corte-ingles-y-josep-maria-marti-i-cardus-premios-acpri-2013\/","title":{"rendered":"La &#8216;cursa&#8217; de El Corte Ingl\u00e9s y Josep Maria Mart\u00ed i Card\u00fas Premios ACPRI 2013"},"content":{"rendered":"<p>strong>&quot;LA CURSA&quot; DE EL<\/strong><strong> CORTE INGL&Eacute;S&nbsp;Y JOSEP MARIA MARTI i CARD&Uacute;S RECIBEN EL RECONOCIMIENTO&nbsp;DE ACPRI.<\/strong><br \/>\n<strong>Los&nbsp;premios se entregaran&nbsp;en el transurso de la celebraci&oacute;n de la VI NIT de ACPRI, el pr&oacute;ximo 18 de octubre.<\/strong><br \/>\n&nbsp;<br \/>\nLos&nbsp;quintos Premios Nacionales de Protocolo&nbsp;y Relaciones Institucionales han distinguido a Josep Maria Mart&iacute; i Card&uacute;s, jefe de protocolo del grupo Codorn&iacute;u, en la categor&iacute;a de trayectoria profesional por su dilatado y&nbsp;fruct&iacute;fero trabajo en este ambiot y que, desde hace m&aacute;s de 40 a&ntilde;os ha desempe&ntilde;ado en la&nbsp;especialidad de Relaciones P&uacute;blicas&nbsp;e Institucionales&nbsp;y Protocolo de CODORNIU, S.A., sin olvidar su implicaci&oacute;n personal en diversos proyectos altruistas.<\/p>\n<p>&nbsp;<\/p>\n<p>El Premio a la categor&iacute;a de instituci&oacute;n P&uacute;blica y\/o Privada se ha concedido a &quot;La Cursa&quot; de El Corte Ingl&eacute;s por su trayectoria ininterrumpida llegando este a&ntilde;o a su&nbsp;35&ordf; edici&oacute;n.<\/p>\n<p>&nbsp;<br \/>\nLos&nbsp;premios se entregaran el viernes 18 de octubre, coincidiendo con el sexto aniversario de la presentaci&oacute;n de ACPRI, en el marco de la cena de la VI Nit ACPRI.<\/p>\n<p>La <strong>Asociaci&oacute;n Catalana de Protocolo y Relaciones Institucionales<\/strong> convoca anualmente los Premios Nacionales de Protocolo y Relaciones Institucionales, con el animo de contribuir a la profesionalizaci&oacute;n&nbsp;y el prestigio de los profesionales que trabajan en la organizaci&oacute;n de actos, &nbsp;que contribuyen con&nbsp;sus estudis y con el ejercicio de la profesi&oacute;n a prestigiar al m&aacute;s alto nivel la ci&eacute;ncia del protocolo&nbsp;y las relaciones institucionales.<br \/>\nACPRI, creado el a&ntilde;o 2007&nbsp;y con cerca de&nbsp;300 socios, tiene como principal reto trabajar para consolidar la figura profesional del t&eacute;cnico de Protocolo, Ceremonial, Relaciones P&uacute;blicas&nbsp;y Relaciones Institucionales&nbsp;y velar porque la actividad profesional se adecue a los intereses del conjunto de la sociedad<\/p>\n","protected":false},"excerpt":{"rendered":"<p>strong>&quot;LA CURSA&quot; DE EL CORTE INGL&Eacute;S&nbsp;Y JOSEP MARIA MARTI i CARD&Uacute;S RECIBEN EL RECONOCIMIENTO&nbsp;DE ACPRI. Los&nbsp;premios se entregaran&nbsp;en el transurso de la celebraci&oacute;n de la VI NIT de ACPRI, el [&hellip;]<\/p>\n","protected":false},"author":1,"featured_media":0,"comment_status":"closed","ping_status":"closed","sticky":false,"template":"","format":"standard","meta":{"_acf_changed":false,"_bbp_topic_count":0,"_bbp_reply_count":0,"_bbp_total_topic_count":0,"_bbp_total_reply_count":0,"_bbp_voice_count":0,"_bbp_anonymous_reply_count":0,"_bbp_topic_count_hidden":0,"_bbp_reply_count_hidden":0,"_bbp_forum_subforum_count":0,"_coblocks_attr":"","_coblocks_dimensions":"","_coblocks_responsive_height":"","_coblocks_accordion_ie_support":"","_EventAllDay":false,"_EventTimezone":"","_EventStartDate":"","_EventEndDate":"","_EventStartDateUTC":"","_EventEndDateUTC":"","_EventShowMap":false,"_EventShowMapLink":false,"_EventURL":"","_EventCost":"","_EventCostDescription":"","_EventCurrencySymbol":"","_EventCurrencyCode":"","_EventCurrencyPosition":"","_EventDateTimeSeparator":"","_EventTimeRangeSeparator":"","_EventOrganizerID":[],"_EventVenueID":[],"_OrganizerEmail":"","_OrganizerPhone":"","_OrganizerWebsite":"","_VenueAddress":"","_VenueCity":"","_VenueCountry":"","_VenueProvince":"","_VenueState":"","_VenueZip":"","_VenuePhone":"","_VenueURL":"","_VenueStateProvince":"","_VenueLat":"","_VenueLng":"","_VenueShowMap":false,"_VenueShowMapLink":false,"footnotes":""},"categories":[4],"tags":[],"class_list":["post-17359","post","type-post","status-publish","format-standard","hentry","category-noticias"],"acf":[],"featured_image_urls_v2":{"full":"","thumbnail":"","medium":"","medium_large":"","large":"","1536x1536":"","2048x2048":""},"post_excerpt_stackable_v2":"<p>strong>&quot;LA CURSA&quot; DE EL CORTE INGL&Eacute;S&nbsp;Y JOSEP MARIA MARTI i CARD&Uacute;S RECIBEN EL RECONOCIMIENTO&nbsp;DE ACPRI. Los&nbsp;premios se entregaran&nbsp;en el transurso de la celebraci&oacute;n de la VI NIT de ACPRI, el pr&oacute;ximo 18 de octubre. &nbsp; Los&nbsp;quintos Premios Nacionales de Protocolo&nbsp;y Relaciones Institucionales han distinguido a Josep Maria Mart&iacute; i Card&uacute;s, jefe de protocolo del grupo Codorn&iacute;u, en la categor&iacute;a de trayectoria profesional por su dilatado y&nbsp;fruct&iacute;fero trabajo en este ambiot y que, desde hace m&aacute;s de 40 a&ntilde;os ha desempe&ntilde;ado en la&nbsp;especialidad de Relaciones P&uacute;blicas&nbsp;e Institucionales&nbsp;y Protocolo de CODORNIU, S.A., sin olvidar su implicaci&oacute;n personal en diversos proyectos altruistas. &nbsp;&hellip;<\/p>\n","category_list_v2":"<a href=\"https:\/\/acpri.cat\/es\/categoria\/noticias\/\" rel=\"category tag\">Noticias<\/a>","author_info_v2":{"name":"Lifetime Ignasi Media","url":"https:\/\/acpri.cat\/es\/author\/lifetimemedia\/"},"comments_num_v2":"0 comentarios","yoast_head":"<!-- This site is optimized with the Yoast SEO plugin v27.4 - https:\/\/yoast.com\/product\/yoast-seo-wordpress\/ -->\n<title>La &#039;cursa&#039; de El Corte Ingl\u00e9s y Josep Maria Mart\u00ed i Card\u00fas Premios ACPRI 2013<\/title>\n<meta name=\"robots\" content=\"index, follow, max-snippet:-1, max-image-preview:large, max-video-preview:-1\" \/>\n<link rel=\"canonical\" href=\"https:\/\/acpri.cat\/es\/la-cursa-de-el-corte-ingles-y-josep-maria-marti-i-cardus-premios-acpri-2013\/\" \/>\n<meta property=\"og:locale\" content=\"es_ES\" \/>\n<meta property=\"og:type\" content=\"article\" \/>\n<meta property=\"og:title\" content=\"La &#039;cursa&#039; de El Corte Ingl\u00e9s y Josep Maria Mart\u00ed i Card\u00fas Premios ACPRI 2013\" \/>\n<meta property=\"og:description\" content=\"strong&gt;&quot;LA CURSA&quot; DE EL CORTE INGL&Eacute;S&nbsp;Y JOSEP MARIA MARTI i CARD&Uacute;S RECIBEN EL RECONOCIMIENTO&nbsp;DE ACPRI. Los&nbsp;premios se entregaran&nbsp;en el transurso de la celebraci&oacute;n de la VI NIT de ACPRI, el [&hellip;]\" \/>\n<meta property=\"og:url\" content=\"https:\/\/acpri.cat\/es\/la-cursa-de-el-corte-ingles-y-josep-maria-marti-i-cardus-premios-acpri-2013\/\" \/>\n<meta property=\"og:site_name\" content=\"ACPRI\" \/>\n<meta property=\"article:published_time\" content=\"2013-07-02T22:00:00+00:00\" \/>\n<meta property=\"article:modified_time\" content=\"2021-04-19T14:56:35+00:00\" \/>\n<meta name=\"author\" content=\"Lifetime Ignasi Media\" \/>\n<meta name=\"twitter:card\" content=\"summary_large_image\" \/>\n<meta name=\"twitter:label1\" content=\"Escrito por\" \/>\n\t<meta name=\"twitter:data1\" content=\"Lifetime Ignasi Media\" \/>\n\t<meta name=\"twitter:label2\" content=\"Tiempo de lectura\" \/>\n\t<meta name=\"twitter:data2\" content=\"2 minutos\" \/>\n<script type=\"application\/ld+json\" class=\"yoast-schema-graph\">{\"@context\":\"https:\\\/\\\/schema.org\",\"@graph\":[{\"@type\":\"Article\",\"@id\":\"https:\\\/\\\/acpri.cat\\\/es\\\/la-cursa-de-el-corte-ingles-y-josep-maria-marti-i-cardus-premios-acpri-2013\\\/#article\",\"isPartOf\":{\"@id\":\"https:\\\/\\\/acpri.cat\\\/es\\\/la-cursa-de-el-corte-ingles-y-josep-maria-marti-i-cardus-premios-acpri-2013\\\/\"},\"author\":{\"name\":\"Lifetime Ignasi Media\",\"@id\":\"https:\\\/\\\/acpri.cat\\\/es\\\/#\\\/schema\\\/person\\\/c97e0cd993a9aeb557bfaf60c7fe6b27\"},\"headline\":\"La &#8216;cursa&#8217; de El Corte Ingl\u00e9s y Josep Maria Mart\u00ed i Card\u00fas Premios ACPRI 2013\",\"datePublished\":\"2013-07-02T22:00:00+00:00\",\"dateModified\":\"2021-04-19T14:56:35+00:00\",\"mainEntityOfPage\":{\"@id\":\"https:\\\/\\\/acpri.cat\\\/es\\\/la-cursa-de-el-corte-ingles-y-josep-maria-marti-i-cardus-premios-acpri-2013\\\/\"},\"wordCount\":381,\"articleSection\":[\"Noticias\"],\"inLanguage\":\"es\"},{\"@type\":\"WebPage\",\"@id\":\"https:\\\/\\\/acpri.cat\\\/es\\\/la-cursa-de-el-corte-ingles-y-josep-maria-marti-i-cardus-premios-acpri-2013\\\/\",\"url\":\"https:\\\/\\\/acpri.cat\\\/es\\\/la-cursa-de-el-corte-ingles-y-josep-maria-marti-i-cardus-premios-acpri-2013\\\/\",\"name\":\"La 'cursa' de El Corte Ingl\u00e9s y Josep Maria Mart\u00ed i Card\u00fas Premios ACPRI 2013\",\"isPartOf\":{\"@id\":\"https:\\\/\\\/acpri.cat\\\/es\\\/#website\"},\"datePublished\":\"2013-07-02T22:00:00+00:00\",\"dateModified\":\"2021-04-19T14:56:35+00:00\",\"author\":{\"@id\":\"https:\\\/\\\/acpri.cat\\\/es\\\/#\\\/schema\\\/person\\\/c97e0cd993a9aeb557bfaf60c7fe6b27\"},\"breadcrumb\":{\"@id\":\"https:\\\/\\\/acpri.cat\\\/es\\\/la-cursa-de-el-corte-ingles-y-josep-maria-marti-i-cardus-premios-acpri-2013\\\/#breadcrumb\"},\"inLanguage\":\"es\",\"potentialAction\":[{\"@type\":\"ReadAction\",\"target\":[\"https:\\\/\\\/acpri.cat\\\/es\\\/la-cursa-de-el-corte-ingles-y-josep-maria-marti-i-cardus-premios-acpri-2013\\\/\"]}]},{\"@type\":\"BreadcrumbList\",\"@id\":\"https:\\\/\\\/acpri.cat\\\/es\\\/la-cursa-de-el-corte-ingles-y-josep-maria-marti-i-cardus-premios-acpri-2013\\\/#breadcrumb\",\"itemListElement\":[{\"@type\":\"ListItem\",\"position\":1,\"name\":\"Inici\",\"item\":\"https:\\\/\\\/acpri.cat\\\/es\\\/\"},{\"@type\":\"ListItem\",\"position\":2,\"name\":\"Noticias\",\"item\":\"https:\\\/\\\/acpri.cat\\\/es\\\/categoria\\\/noticias\\\/\"},{\"@type\":\"ListItem\",\"position\":3,\"name\":\"La &#8216;cursa&#8217; de El Corte Ingl\u00e9s y Josep Maria Mart\u00ed i Card\u00fas Premios ACPRI 2013\"}]},{\"@type\":\"WebSite\",\"@id\":\"https:\\\/\\\/acpri.cat\\\/es\\\/#website\",\"url\":\"https:\\\/\\\/acpri.cat\\\/es\\\/\",\"name\":\"ACPRI\",\"description\":\"Associaci\u00f3 Catalana de Protocol i Relacions Institucionals\",\"potentialAction\":[{\"@type\":\"SearchAction\",\"target\":{\"@type\":\"EntryPoint\",\"urlTemplate\":\"https:\\\/\\\/acpri.cat\\\/es\\\/?s={search_term_string}\"},\"query-input\":{\"@type\":\"PropertyValueSpecification\",\"valueRequired\":true,\"valueName\":\"search_term_string\"}}],\"inLanguage\":\"es\"},{\"@type\":\"Person\",\"@id\":\"https:\\\/\\\/acpri.cat\\\/es\\\/#\\\/schema\\\/person\\\/c97e0cd993a9aeb557bfaf60c7fe6b27\",\"name\":\"Lifetime Ignasi Media\",\"image\":{\"@type\":\"ImageObject\",\"inLanguage\":\"es\",\"@id\":\"https:\\\/\\\/secure.gravatar.com\\\/avatar\\\/da49d859853385609f43420f49cbb5b9f87c88da413728d5e0c1ca3fda05b1cb?s=96&d=mm&r=g\",\"url\":\"https:\\\/\\\/secure.gravatar.com\\\/avatar\\\/da49d859853385609f43420f49cbb5b9f87c88da413728d5e0c1ca3fda05b1cb?s=96&d=mm&r=g\",\"contentUrl\":\"https:\\\/\\\/secure.gravatar.com\\\/avatar\\\/da49d859853385609f43420f49cbb5b9f87c88da413728d5e0c1ca3fda05b1cb?s=96&d=mm&r=g\",\"caption\":\"Lifetime Ignasi Media\"},\"description\":\"Lorem ipsum dolor sit amet, consectetur adipiscing elit, sed do eiusmod tempor incididunt ut labore et dolore magna aliqua. Ut enim ad minim veniam, quis nostrud exercitation.\"}]}<\/script>\n<!-- \/ Yoast SEO plugin. -->","yoast_head_json":{"title":"La 'cursa' de El Corte Ingl\u00e9s y Josep Maria Mart\u00ed i Card\u00fas Premios ACPRI 2013","robots":{"index":"index","follow":"follow","max-snippet":"max-snippet:-1","max-image-preview":"max-image-preview:large","max-video-preview":"max-video-preview:-1"},"canonical":"https:\/\/acpri.cat\/es\/la-cursa-de-el-corte-ingles-y-josep-maria-marti-i-cardus-premios-acpri-2013\/","og_locale":"es_ES","og_type":"article","og_title":"La 'cursa' de El Corte Ingl\u00e9s y Josep Maria Mart\u00ed i Card\u00fas Premios ACPRI 2013","og_description":"strong>&quot;LA CURSA&quot; DE EL CORTE INGL&Eacute;S&nbsp;Y JOSEP MARIA MARTI i CARD&Uacute;S RECIBEN EL RECONOCIMIENTO&nbsp;DE ACPRI. Los&nbsp;premios se entregaran&nbsp;en el transurso de la celebraci&oacute;n de la VI NIT de ACPRI, el [&hellip;]","og_url":"https:\/\/acpri.cat\/es\/la-cursa-de-el-corte-ingles-y-josep-maria-marti-i-cardus-premios-acpri-2013\/","og_site_name":"ACPRI","article_published_time":"2013-07-02T22:00:00+00:00","article_modified_time":"2021-04-19T14:56:35+00:00","author":"Lifetime Ignasi Media","twitter_card":"summary_large_image","twitter_misc":{"Escrito por":"Lifetime Ignasi Media","Tiempo de lectura":"2 minutos"},"schema":{"@context":"https:\/\/schema.org","@graph":[{"@type":"Article","@id":"https:\/\/acpri.cat\/es\/la-cursa-de-el-corte-ingles-y-josep-maria-marti-i-cardus-premios-acpri-2013\/#article","isPartOf":{"@id":"https:\/\/acpri.cat\/es\/la-cursa-de-el-corte-ingles-y-josep-maria-marti-i-cardus-premios-acpri-2013\/"},"author":{"name":"Lifetime Ignasi Media","@id":"https:\/\/acpri.cat\/es\/#\/schema\/person\/c97e0cd993a9aeb557bfaf60c7fe6b27"},"headline":"La &#8216;cursa&#8217; de El Corte Ingl\u00e9s y Josep Maria Mart\u00ed i Card\u00fas Premios ACPRI 2013","datePublished":"2013-07-02T22:00:00+00:00","dateModified":"2021-04-19T14:56:35+00:00","mainEntityOfPage":{"@id":"https:\/\/acpri.cat\/es\/la-cursa-de-el-corte-ingles-y-josep-maria-marti-i-cardus-premios-acpri-2013\/"},"wordCount":381,"articleSection":["Noticias"],"inLanguage":"es"},{"@type":"WebPage","@id":"https:\/\/acpri.cat\/es\/la-cursa-de-el-corte-ingles-y-josep-maria-marti-i-cardus-premios-acpri-2013\/","url":"https:\/\/acpri.cat\/es\/la-cursa-de-el-corte-ingles-y-josep-maria-marti-i-cardus-premios-acpri-2013\/","name":"La 'cursa' de El Corte Ingl\u00e9s y Josep Maria Mart\u00ed i Card\u00fas Premios ACPRI 2013","isPartOf":{"@id":"https:\/\/acpri.cat\/es\/#website"},"datePublished":"2013-07-02T22:00:00+00:00","dateModified":"2021-04-19T14:56:35+00:00","author":{"@id":"https:\/\/acpri.cat\/es\/#\/schema\/person\/c97e0cd993a9aeb557bfaf60c7fe6b27"},"breadcrumb":{"@id":"https:\/\/acpri.cat\/es\/la-cursa-de-el-corte-ingles-y-josep-maria-marti-i-cardus-premios-acpri-2013\/#breadcrumb"},"inLanguage":"es","potentialAction":[{"@type":"ReadAction","target":["https:\/\/acpri.cat\/es\/la-cursa-de-el-corte-ingles-y-josep-maria-marti-i-cardus-premios-acpri-2013\/"]}]},{"@type":"BreadcrumbList","@id":"https:\/\/acpri.cat\/es\/la-cursa-de-el-corte-ingles-y-josep-maria-marti-i-cardus-premios-acpri-2013\/#breadcrumb","itemListElement":[{"@type":"ListItem","position":1,"name":"Inici","item":"https:\/\/acpri.cat\/es\/"},{"@type":"ListItem","position":2,"name":"Noticias","item":"https:\/\/acpri.cat\/es\/categoria\/noticias\/"},{"@type":"ListItem","position":3,"name":"La &#8216;cursa&#8217; de El Corte Ingl\u00e9s y Josep Maria Mart\u00ed i Card\u00fas Premios ACPRI 2013"}]},{"@type":"WebSite","@id":"https:\/\/acpri.cat\/es\/#website","url":"https:\/\/acpri.cat\/es\/","name":"ACPRI","description":"Associaci\u00f3 Catalana de Protocol i Relacions Institucionals","potentialAction":[{"@type":"SearchAction","target":{"@type":"EntryPoint","urlTemplate":"https:\/\/acpri.cat\/es\/?s={search_term_string}"},"query-input":{"@type":"PropertyValueSpecification","valueRequired":true,"valueName":"search_term_string"}}],"inLanguage":"es"},{"@type":"Person","@id":"https:\/\/acpri.cat\/es\/#\/schema\/person\/c97e0cd993a9aeb557bfaf60c7fe6b27","name":"Lifetime Ignasi Media","image":{"@type":"ImageObject","inLanguage":"es","@id":"https:\/\/secure.gravatar.com\/avatar\/da49d859853385609f43420f49cbb5b9f87c88da413728d5e0c1ca3fda05b1cb?s=96&d=mm&r=g","url":"https:\/\/secure.gravatar.com\/avatar\/da49d859853385609f43420f49cbb5b9f87c88da413728d5e0c1ca3fda05b1cb?s=96&d=mm&r=g","contentUrl":"https:\/\/secure.gravatar.com\/avatar\/da49d859853385609f43420f49cbb5b9f87c88da413728d5e0c1ca3fda05b1cb?s=96&d=mm&r=g","caption":"Lifetime Ignasi Media"},"description":"Lorem ipsum dolor sit amet, consectetur adipiscing elit, sed do eiusmod tempor incididunt ut labore et dolore magna aliqua. Ut enim ad minim veniam, quis nostrud exercitation."}]}},"_links":{"self":[{"href":"https:\/\/acpri.cat\/es\/wp-json\/wp\/v2\/posts\/17359","targetHints":{"allow":["GET"]}}],"collection":[{"href":"https:\/\/acpri.cat\/es\/wp-json\/wp\/v2\/posts"}],"about":[{"href":"https:\/\/acpri.cat\/es\/wp-json\/wp\/v2\/types\/post"}],"author":[{"embeddable":true,"href":"https:\/\/acpri.cat\/es\/wp-json\/wp\/v2\/users\/1"}],"replies":[{"embeddable":true,"href":"https:\/\/acpri.cat\/es\/wp-json\/wp\/v2\/comments?post=17359"}],"version-history":[{"count":1,"href":"https:\/\/acpri.cat\/es\/wp-json\/wp\/v2\/posts\/17359\/revisions"}],"predecessor-version":[{"id":19763,"href":"https:\/\/acpri.cat\/es\/wp-json\/wp\/v2\/posts\/17359\/revisions\/19763"}],"wp:attachment":[{"href":"https:\/\/acpri.cat\/es\/wp-json\/wp\/v2\/media?parent=17359"}],"wp:term":[{"taxonomy":"category","embeddable":true,"href":"https:\/\/acpri.cat\/es\/wp-json\/wp\/v2\/categories?post=17359"},{"taxonomy":"post_tag","embeddable":true,"href":"https:\/\/acpri.cat\/es\/wp-json\/wp\/v2\/tags?post=17359"}],"curies":[{"name":"wp","href":"https:\/\/api.w.org\/{rel}","templated":true}]}}